{"id":778,"date":"2025-08-08T07:58:19","date_gmt":"2025-08-08T05:58:19","guid":{"rendered":"https:\/\/act4dys.eu\/?p=778"},"modified":"2025-09-25T09:43:17","modified_gmt":"2025-09-25T07:43:17","slug":"peduca-strategic-plan-for-urban-and-mobility-development-in-aveiro","status":"publish","type":"post","link":"https:\/\/act4dys.eu\/pt\/peduca-strategic-plan-for-urban-and-mobility-development-in-aveiro\/","title":{"rendered":"PEDUCA - Plano Estrat\u00e9gico para o Desenvolvimento Urbano e da Mobilidade em Aveiro"},"content":{"rendered":"<p>Descubra como Aveiro est\u00e1 a transformar-se numa cidade modelo em termos de sustentabilidade e inclus\u00e3o. O PEDUCA est\u00e1 a criar novas ciclovias, ruas pedonais e espa\u00e7os verdes, facilitando a locomo\u00e7\u00e3o de todos os residentes, proporcionando um ar mais puro e uma vida urbana mais saud\u00e1vel. O envolvimento da comunidade e a mobilidade ativa est\u00e3o no centro deste plano premiado.<\/p>","protected":false},"excerpt":{"rendered":"<p>Discover how Aveiro is transforming itself into a model city for sustainability and inclusion. PEDUCA is creating new bike lanes, pedestrian-friendly streets, and green spaces,&#8230;<\/p>","protected":false},"author":7,"featured_media":641,"comment_status":"closed","ping_status":"closed","sticky":false,"template":"","format":"standard","meta":{"_acf_changed":false,"footnotes":""},"categories":[29],"tags":[],"class_list":["post-778","post","type-post","status-publish","format-standard","has-post-thumbnail","hentry","category-green-and-sustainable-city-initiatives"],"acf":[],"_links":{"self":[{"href":"https:\/\/act4dys.eu\/pt\/wp-json\/wp\/v2\/posts\/778","targetHints":{"allow":["GET"]}}],"collection":[{"href":"https:\/\/act4dys.eu\/pt\/wp-json\/wp\/v2\/posts"}],"about":[{"href":"https:\/\/act4dys.eu\/pt\/wp-json\/wp\/v2\/types\/post"}],"author":[{"embeddable":true,"href":"https:\/\/act4dys.eu\/pt\/wp-json\/wp\/v2\/users\/7"}],"replies":[{"embeddable":true,"href":"https:\/\/act4dys.eu\/pt\/wp-json\/wp\/v2\/comments?post=778"}],"version-history":[{"count":2,"href":"https:\/\/act4dys.eu\/pt\/wp-json\/wp\/v2\/posts\/778\/revisions"}],"predecessor-version":[{"id":999,"href":"https:\/\/act4dys.eu\/pt\/wp-json\/wp\/v2\/posts\/778\/revisions\/999"}],"wp:featuredmedia":[{"embeddable":true,"href":"https:\/\/act4dys.eu\/pt\/wp-json\/wp\/v2\/media\/641"}],"wp:attachment":[{"href":"https:\/\/act4dys.eu\/pt\/wp-json\/wp\/v2\/media?parent=778"}],"wp:term":[{"taxonomy":"category","embeddable":true,"href":"https:\/\/act4dys.eu\/pt\/wp-json\/wp\/v2\/categories?post=778"},{"taxonomy":"post_tag","embeddable":true,"href":"https:\/\/act4dys.eu\/pt\/wp-json\/wp\/v2\/tags?post=778"}],"curies":[{"name":"wp","href":"https:\/\/api.w.org\/{rel}","templated":true}]}}