{"id":772,"date":"2025-08-08T07:55:41","date_gmt":"2025-08-08T05:55:41","guid":{"rendered":"https:\/\/act4dys.eu\/?p=772"},"modified":"2025-08-08T07:55:41","modified_gmt":"2025-08-08T05:55:41","slug":"alcoy-as-a-model-of-sustainable-city","status":"publish","type":"post","link":"https:\/\/act4dys.eu\/pt\/alcoy-as-a-model-of-sustainable-city\/","title":{"rendered":"Alcoy como modelo de cidade sustent\u00e1vel"},"content":{"rendered":"<p>Descubra como Alcoy se tornou l\u00edder em renova\u00e7\u00e3o urbana ecol\u00f3gica, revitalizando espa\u00e7os p\u00fablicos, expandindo zonas verdes e facilitando a locomo\u00e7\u00e3o a p\u00e9, de bicicleta e a participa\u00e7\u00e3o na vida comunit\u00e1ria.<\/p>","protected":false},"excerpt":{"rendered":"<p>Explore how Alcoy became a leader in eco-friendly urban renewal by revitalising public spaces, expanding green zones, and making it easier for residents to walk,&#8230;<\/p>","protected":false},"author":7,"featured_media":641,"comment_status":"closed","ping_status":"closed","sticky":false,"template":"","format":"standard","meta":{"_acf_changed":false,"footnotes":""},"categories":[29],"tags":[],"class_list":["post-772","post","type-post","status-publish","format-standard","has-post-thumbnail","hentry","category-green-and-sustainable-city-initiatives"],"acf":[],"_links":{"self":[{"href":"https:\/\/act4dys.eu\/pt\/wp-json\/wp\/v2\/posts\/772","targetHints":{"allow":["GET"]}}],"collection":[{"href":"https:\/\/act4dys.eu\/pt\/wp-json\/wp\/v2\/posts"}],"about":[{"href":"https:\/\/act4dys.eu\/pt\/wp-json\/wp\/v2\/types\/post"}],"author":[{"embeddable":true,"href":"https:\/\/act4dys.eu\/pt\/wp-json\/wp\/v2\/users\/7"}],"replies":[{"embeddable":true,"href":"https:\/\/act4dys.eu\/pt\/wp-json\/wp\/v2\/comments?post=772"}],"version-history":[{"count":1,"href":"https:\/\/act4dys.eu\/pt\/wp-json\/wp\/v2\/posts\/772\/revisions"}],"predecessor-version":[{"id":774,"href":"https:\/\/act4dys.eu\/pt\/wp-json\/wp\/v2\/posts\/772\/revisions\/774"}],"wp:featuredmedia":[{"embeddable":true,"href":"https:\/\/act4dys.eu\/pt\/wp-json\/wp\/v2\/media\/641"}],"wp:attachment":[{"href":"https:\/\/act4dys.eu\/pt\/wp-json\/wp\/v2\/media?parent=772"}],"wp:term":[{"taxonomy":"category","embeddable":true,"href":"https:\/\/act4dys.eu\/pt\/wp-json\/wp\/v2\/categories?post=772"},{"taxonomy":"post_tag","embeddable":true,"href":"https:\/\/act4dys.eu\/pt\/wp-json\/wp\/v2\/tags?post=772"}],"curies":[{"name":"wp","href":"https:\/\/api.w.org\/{rel}","templated":true}]}}