{"id":790,"date":"2025-08-08T08:03:17","date_gmt":"2025-08-08T06:03:17","guid":{"rendered":"https:\/\/act4dys.eu\/?p=790"},"modified":"2025-08-08T08:03:17","modified_gmt":"2025-08-08T06:03:17","slug":"all-ireland-pollinator-plan-aipp","status":"publish","type":"post","link":"https:\/\/act4dys.eu\/fr\/all-ireland-pollinator-plan-aipp\/","title":{"rendered":"Plan pour les pollinisateurs de toute l'Irlande (AIPP)"},"content":{"rendered":"<p>D\u00e9couvrez comment le plan national irlandais pour les pollinisateurs a r\u00e9uni agriculteurs, conseils municipaux, entreprises et communaut\u00e9s afin de cr\u00e9er des prairies fleuries, de planter des esp\u00e8ces indig\u00e8nes et de pr\u00e9server les habitats. Ce plan inspire les communaut\u00e9s \u00e0 agir en faveur de la biodiversit\u00e9 et inspire des initiatives similaires \u00e0 travers l'Europe.<\/p>","protected":false},"excerpt":{"rendered":"<p>Discover how Ireland\u2019s national pollinator plan united farmers, councils, businesses, and communities to create wildflower meadows, plant native species, and safeguard habitats. This plan inspires&#8230;<\/p>","protected":false},"author":7,"featured_media":641,"comment_status":"closed","ping_status":"closed","sticky":false,"template":"","format":"standard","meta":{"_acf_changed":false,"footnotes":""},"categories":[29],"tags":[],"class_list":["post-790","post","type-post","status-publish","format-standard","has-post-thumbnail","hentry","category-green-and-sustainable-city-initiatives"],"acf":[],"_links":{"self":[{"href":"https:\/\/act4dys.eu\/fr\/wp-json\/wp\/v2\/posts\/790","targetHints":{"allow":["GET"]}}],"collection":[{"href":"https:\/\/act4dys.eu\/fr\/wp-json\/wp\/v2\/posts"}],"about":[{"href":"https:\/\/act4dys.eu\/fr\/wp-json\/wp\/v2\/types\/post"}],"author":[{"embeddable":true,"href":"https:\/\/act4dys.eu\/fr\/wp-json\/wp\/v2\/users\/7"}],"replies":[{"embeddable":true,"href":"https:\/\/act4dys.eu\/fr\/wp-json\/wp\/v2\/comments?post=790"}],"version-history":[{"count":1,"href":"https:\/\/act4dys.eu\/fr\/wp-json\/wp\/v2\/posts\/790\/revisions"}],"predecessor-version":[{"id":792,"href":"https:\/\/act4dys.eu\/fr\/wp-json\/wp\/v2\/posts\/790\/revisions\/792"}],"wp:featuredmedia":[{"embeddable":true,"href":"https:\/\/act4dys.eu\/fr\/wp-json\/wp\/v2\/media\/641"}],"wp:attachment":[{"href":"https:\/\/act4dys.eu\/fr\/wp-json\/wp\/v2\/media?parent=790"}],"wp:term":[{"taxonomy":"category","embeddable":true,"href":"https:\/\/act4dys.eu\/fr\/wp-json\/wp\/v2\/categories?post=790"},{"taxonomy":"post_tag","embeddable":true,"href":"https:\/\/act4dys.eu\/fr\/wp-json\/wp\/v2\/tags?post=790"}],"curies":[{"name":"wp","href":"https:\/\/api.w.org\/{rel}","templated":true}]}}