{"id":787,"date":"2025-08-08T08:02:03","date_gmt":"2025-08-08T06:02:03","guid":{"rendered":"https:\/\/act4dys.eu\/?p=787"},"modified":"2025-08-08T08:02:03","modified_gmt":"2025-08-08T06:02:03","slug":"habitar-program-humanizing-social-housing-in-lisbon","status":"publish","type":"post","link":"https:\/\/act4dys.eu\/fr\/habitar-program-humanizing-social-housing-in-lisbon\/","title":{"rendered":"Programme Habitar : humaniser le logement social \u00e0 Lisbonne"},"content":{"rendered":"<p>D\u00e9couvrez comment Lisbonne a r\u00e9nov\u00e9 des logements sociaux d\u00e9labr\u00e9s en adoptant une approche ax\u00e9e sur les r\u00e9sidents, en \u00e9coutant les communaut\u00e9s existantes, en modernisant les logements sans expulsions forc\u00e9es et en apportant un soutien aux m\u00e9nages vuln\u00e9rables afin de garantir que personne ne soit laiss\u00e9 pour compte. Ce programme \u00e9tablit une norme en mati\u00e8re de r\u00e9g\u00e9n\u00e9ration urbaine inclusive et respectueuse.<\/p>","protected":false},"excerpt":{"rendered":"<p>Discover how Lisbon renovated dilapidated public housing with a resident-first approach, listening to existing communities, upgrading homes without forced evictions, and providing support for vulnerable&#8230;<\/p>","protected":false},"author":7,"featured_media":641,"comment_status":"closed","ping_status":"closed","sticky":false,"template":"","format":"standard","meta":{"_acf_changed":false,"footnotes":""},"categories":[29],"tags":[],"class_list":["post-787","post","type-post","status-publish","format-standard","has-post-thumbnail","hentry","category-green-and-sustainable-city-initiatives"],"acf":[],"_links":{"self":[{"href":"https:\/\/act4dys.eu\/fr\/wp-json\/wp\/v2\/posts\/787","targetHints":{"allow":["GET"]}}],"collection":[{"href":"https:\/\/act4dys.eu\/fr\/wp-json\/wp\/v2\/posts"}],"about":[{"href":"https:\/\/act4dys.eu\/fr\/wp-json\/wp\/v2\/types\/post"}],"author":[{"embeddable":true,"href":"https:\/\/act4dys.eu\/fr\/wp-json\/wp\/v2\/users\/7"}],"replies":[{"embeddable":true,"href":"https:\/\/act4dys.eu\/fr\/wp-json\/wp\/v2\/comments?post=787"}],"version-history":[{"count":1,"href":"https:\/\/act4dys.eu\/fr\/wp-json\/wp\/v2\/posts\/787\/revisions"}],"predecessor-version":[{"id":789,"href":"https:\/\/act4dys.eu\/fr\/wp-json\/wp\/v2\/posts\/787\/revisions\/789"}],"wp:featuredmedia":[{"embeddable":true,"href":"https:\/\/act4dys.eu\/fr\/wp-json\/wp\/v2\/media\/641"}],"wp:attachment":[{"href":"https:\/\/act4dys.eu\/fr\/wp-json\/wp\/v2\/media?parent=787"}],"wp:term":[{"taxonomy":"category","embeddable":true,"href":"https:\/\/act4dys.eu\/fr\/wp-json\/wp\/v2\/categories?post=787"},{"taxonomy":"post_tag","embeddable":true,"href":"https:\/\/act4dys.eu\/fr\/wp-json\/wp\/v2\/tags?post=787"}],"curies":[{"name":"wp","href":"https:\/\/api.w.org\/{rel}","templated":true}]}}