{"id":778,"date":"2025-08-08T07:58:19","date_gmt":"2025-08-08T05:58:19","guid":{"rendered":"https:\/\/act4dys.eu\/?p=778"},"modified":"2025-09-25T09:43:17","modified_gmt":"2025-09-25T07:43:17","slug":"peduca-strategic-plan-for-urban-and-mobility-development-in-aveiro","status":"publish","type":"post","link":"https:\/\/act4dys.eu\/fr\/peduca-strategic-plan-for-urban-and-mobility-development-in-aveiro\/","title":{"rendered":"PEDUCA \u2013 Plan strat\u00e9gique pour le d\u00e9veloppement urbain et la mobilit\u00e9 \u00e0 Aveiro"},"content":{"rendered":"<p>D\u00e9couvrez comment Aveiro se transforme en une ville mod\u00e8le en mati\u00e8re de durabilit\u00e9 et d'inclusion. PEDUCA cr\u00e9e de nouvelles pistes cyclables, des rues pi\u00e9tonnes et des espaces verts, permettant \u00e0 tous les habitants de se d\u00e9placer facilement, de respirer un air plus pur et de profiter d'une vie urbaine plus saine. L'engagement communautaire et la mobilit\u00e9 active sont au c\u0153ur de ce projet prim\u00e9.<\/p>","protected":false},"excerpt":{"rendered":"<p>Discover how Aveiro is transforming itself into a model city for sustainability and inclusion. PEDUCA is creating new bike lanes, pedestrian-friendly streets, and green spaces,&#8230;<\/p>","protected":false},"author":7,"featured_media":641,"comment_status":"closed","ping_status":"closed","sticky":false,"template":"","format":"standard","meta":{"_acf_changed":false,"footnotes":""},"categories":[29],"tags":[],"class_list":["post-778","post","type-post","status-publish","format-standard","has-post-thumbnail","hentry","category-green-and-sustainable-city-initiatives"],"acf":[],"_links":{"self":[{"href":"https:\/\/act4dys.eu\/fr\/wp-json\/wp\/v2\/posts\/778","targetHints":{"allow":["GET"]}}],"collection":[{"href":"https:\/\/act4dys.eu\/fr\/wp-json\/wp\/v2\/posts"}],"about":[{"href":"https:\/\/act4dys.eu\/fr\/wp-json\/wp\/v2\/types\/post"}],"author":[{"embeddable":true,"href":"https:\/\/act4dys.eu\/fr\/wp-json\/wp\/v2\/users\/7"}],"replies":[{"embeddable":true,"href":"https:\/\/act4dys.eu\/fr\/wp-json\/wp\/v2\/comments?post=778"}],"version-history":[{"count":2,"href":"https:\/\/act4dys.eu\/fr\/wp-json\/wp\/v2\/posts\/778\/revisions"}],"predecessor-version":[{"id":999,"href":"https:\/\/act4dys.eu\/fr\/wp-json\/wp\/v2\/posts\/778\/revisions\/999"}],"wp:featuredmedia":[{"embeddable":true,"href":"https:\/\/act4dys.eu\/fr\/wp-json\/wp\/v2\/media\/641"}],"wp:attachment":[{"href":"https:\/\/act4dys.eu\/fr\/wp-json\/wp\/v2\/media?parent=778"}],"wp:term":[{"taxonomy":"category","embeddable":true,"href":"https:\/\/act4dys.eu\/fr\/wp-json\/wp\/v2\/categories?post=778"},{"taxonomy":"post_tag","embeddable":true,"href":"https:\/\/act4dys.eu\/fr\/wp-json\/wp\/v2\/tags?post=778"}],"curies":[{"name":"wp","href":"https:\/\/api.w.org\/{rel}","templated":true}]}}