{"id":775,"date":"2025-08-08T07:57:20","date_gmt":"2025-08-08T05:57:20","guid":{"rendered":"https:\/\/act4dys.eu\/?p=775"},"modified":"2025-08-08T07:57:20","modified_gmt":"2025-08-08T05:57:20","slug":"valencia-2030-urban-strategy","status":"publish","type":"post","link":"https:\/\/act4dys.eu\/fr\/valencia-2030-urban-strategy\/","title":{"rendered":"Strat\u00e9gie urbaine 2030 de Valence"},"content":{"rendered":"<p>D\u00e9couvrez comment Valence transforme une vision climatique en v\u00e9ritable changement urbain, en cr\u00e9ant des quartiers plus verts et plus inclusifs pour tous, avec un plan clair d'adaptation au changement climatique et d'innovation sociale pour 2030.<\/p>","protected":false},"excerpt":{"rendered":"<p>Find out how Val\u00e8ncia is turning a climate vision into real urban change, creating greener, more inclusive neighbourhoods for all, with a clear plan for&#8230;<\/p>","protected":false},"author":7,"featured_media":641,"comment_status":"closed","ping_status":"closed","sticky":false,"template":"","format":"standard","meta":{"_acf_changed":false,"footnotes":""},"categories":[29],"tags":[],"class_list":["post-775","post","type-post","status-publish","format-standard","has-post-thumbnail","hentry","category-green-and-sustainable-city-initiatives"],"acf":[],"_links":{"self":[{"href":"https:\/\/act4dys.eu\/fr\/wp-json\/wp\/v2\/posts\/775","targetHints":{"allow":["GET"]}}],"collection":[{"href":"https:\/\/act4dys.eu\/fr\/wp-json\/wp\/v2\/posts"}],"about":[{"href":"https:\/\/act4dys.eu\/fr\/wp-json\/wp\/v2\/types\/post"}],"author":[{"embeddable":true,"href":"https:\/\/act4dys.eu\/fr\/wp-json\/wp\/v2\/users\/7"}],"replies":[{"embeddable":true,"href":"https:\/\/act4dys.eu\/fr\/wp-json\/wp\/v2\/comments?post=775"}],"version-history":[{"count":1,"href":"https:\/\/act4dys.eu\/fr\/wp-json\/wp\/v2\/posts\/775\/revisions"}],"predecessor-version":[{"id":777,"href":"https:\/\/act4dys.eu\/fr\/wp-json\/wp\/v2\/posts\/775\/revisions\/777"}],"wp:featuredmedia":[{"embeddable":true,"href":"https:\/\/act4dys.eu\/fr\/wp-json\/wp\/v2\/media\/641"}],"wp:attachment":[{"href":"https:\/\/act4dys.eu\/fr\/wp-json\/wp\/v2\/media?parent=775"}],"wp:term":[{"taxonomy":"category","embeddable":true,"href":"https:\/\/act4dys.eu\/fr\/wp-json\/wp\/v2\/categories?post=775"},{"taxonomy":"post_tag","embeddable":true,"href":"https:\/\/act4dys.eu\/fr\/wp-json\/wp\/v2\/tags?post=775"}],"curies":[{"name":"wp","href":"https:\/\/api.w.org\/{rel}","templated":true}]}}