{"id":720,"date":"2025-08-08T07:20:58","date_gmt":"2025-08-08T05:20:58","guid":{"rendered":"https:\/\/act4dys.eu\/?p=720"},"modified":"2025-08-08T07:20:58","modified_gmt":"2025-08-08T05:20:58","slug":"a-transport-system-accessible-for-all-indimo-project","status":"publish","type":"post","link":"https:\/\/act4dys.eu\/fr\/a-transport-system-accessible-for-all-indimo-project\/","title":{"rendered":"Un syst\u00e8me de transport accessible \u00e0 tous (projet IndiMo)"},"content":{"rendered":"<p>D\u00e9couvrez le projet IndiMo, une initiative europ\u00e9enne qui \u00e9coute directement les personnes handicap\u00e9es afin de lever les obstacles li\u00e9s aux transports publics. La \u00ab bo\u00eete \u00e0 outils \u00bb de solutions IndiMo, qui comprend notamment des syst\u00e8mes de guidage tactile, des applications num\u00e9riques et des formations pour le personnel, offre aux villes des moyens concrets de rendre les transports v\u00e9ritablement inclusifs, afin que chacun puisse voyager en toute confiance et en toute autonomie.<\/p>","protected":false},"excerpt":{"rendered":"<p>Discover the IndiMo project, a Europe-wide initiative that listens directly to persons with disabilities to break down the barriers of public transport. IndiMo\u2019s \u201ctoolbox\u201d of&#8230;<\/p>","protected":false},"author":7,"featured_media":639,"comment_status":"closed","ping_status":"closed","sticky":false,"template":"","format":"standard","meta":{"_acf_changed":false,"footnotes":""},"categories":[27],"tags":[],"class_list":["post-720","post","type-post","status-publish","format-standard","has-post-thumbnail","hentry","category-accessible-transportation-solutions"],"acf":[],"_links":{"self":[{"href":"https:\/\/act4dys.eu\/fr\/wp-json\/wp\/v2\/posts\/720","targetHints":{"allow":["GET"]}}],"collection":[{"href":"https:\/\/act4dys.eu\/fr\/wp-json\/wp\/v2\/posts"}],"about":[{"href":"https:\/\/act4dys.eu\/fr\/wp-json\/wp\/v2\/types\/post"}],"author":[{"embeddable":true,"href":"https:\/\/act4dys.eu\/fr\/wp-json\/wp\/v2\/users\/7"}],"replies":[{"embeddable":true,"href":"https:\/\/act4dys.eu\/fr\/wp-json\/wp\/v2\/comments?post=720"}],"version-history":[{"count":1,"href":"https:\/\/act4dys.eu\/fr\/wp-json\/wp\/v2\/posts\/720\/revisions"}],"predecessor-version":[{"id":722,"href":"https:\/\/act4dys.eu\/fr\/wp-json\/wp\/v2\/posts\/720\/revisions\/722"}],"wp:featuredmedia":[{"embeddable":true,"href":"https:\/\/act4dys.eu\/fr\/wp-json\/wp\/v2\/media\/639"}],"wp:attachment":[{"href":"https:\/\/act4dys.eu\/fr\/wp-json\/wp\/v2\/media?parent=720"}],"wp:term":[{"taxonomy":"category","embeddable":true,"href":"https:\/\/act4dys.eu\/fr\/wp-json\/wp\/v2\/categories?post=720"},{"taxonomy":"post_tag","embeddable":true,"href":"https:\/\/act4dys.eu\/fr\/wp-json\/wp\/v2\/tags?post=720"}],"curies":[{"name":"wp","href":"https:\/\/api.w.org\/{rel}","templated":true}]}}