{"id":714,"date":"2025-08-08T07:18:22","date_gmt":"2025-08-08T05:18:22","guid":{"rendered":"https:\/\/act4dys.eu\/?p=714"},"modified":"2025-08-08T07:18:22","modified_gmt":"2025-08-08T05:18:22","slug":"portos-system-of-accessible-itineraries-sia","status":"publish","type":"post","link":"https:\/\/act4dys.eu\/fr\/portos-system-of-accessible-itineraries-sia\/","title":{"rendered":"Syst\u00e8me d'itin\u00e9raires accessibles (SIA) de Porto"},"content":{"rendered":"<p>D\u00e9couvrez comment Porto a rendu sa ville historique et vallonn\u00e9e accessible \u00e0 tous gr\u00e2ce \u00e0 des itin\u00e9raires cartographi\u00e9s et sans marches reliant les centres de transport, les sites touristiques et les services. Pendant plusieurs ann\u00e9es, les r\u00e9sidents et les visiteurs \u00e0 mobilit\u00e9 r\u00e9duite ont pu planifier facilement leurs d\u00e9placements gr\u00e2ce \u00e0 des rampes, des chemins tactiles et une application num\u00e9rique. Ce syst\u00e8me novateur a \u00e9tabli une nouvelle r\u00e9f\u00e9rence en mati\u00e8re d'accessibilit\u00e9, mais son maintien \u00e0 long terme s'est av\u00e9r\u00e9 difficile.<\/p>","protected":false},"excerpt":{"rendered":"<p>Explore how Porto made its hilly, historic city accessible to all with mapped, step-free routes connecting transport hubs, landmarks, and services. For several years, residents&#8230;<\/p>","protected":false},"author":7,"featured_media":639,"comment_status":"closed","ping_status":"closed","sticky":false,"template":"","format":"standard","meta":{"_acf_changed":false,"footnotes":""},"categories":[27],"tags":[],"class_list":["post-714","post","type-post","status-publish","format-standard","has-post-thumbnail","hentry","category-accessible-transportation-solutions"],"acf":[],"_links":{"self":[{"href":"https:\/\/act4dys.eu\/fr\/wp-json\/wp\/v2\/posts\/714","targetHints":{"allow":["GET"]}}],"collection":[{"href":"https:\/\/act4dys.eu\/fr\/wp-json\/wp\/v2\/posts"}],"about":[{"href":"https:\/\/act4dys.eu\/fr\/wp-json\/wp\/v2\/types\/post"}],"author":[{"embeddable":true,"href":"https:\/\/act4dys.eu\/fr\/wp-json\/wp\/v2\/users\/7"}],"replies":[{"embeddable":true,"href":"https:\/\/act4dys.eu\/fr\/wp-json\/wp\/v2\/comments?post=714"}],"version-history":[{"count":1,"href":"https:\/\/act4dys.eu\/fr\/wp-json\/wp\/v2\/posts\/714\/revisions"}],"predecessor-version":[{"id":716,"href":"https:\/\/act4dys.eu\/fr\/wp-json\/wp\/v2\/posts\/714\/revisions\/716"}],"wp:featuredmedia":[{"embeddable":true,"href":"https:\/\/act4dys.eu\/fr\/wp-json\/wp\/v2\/media\/639"}],"wp:attachment":[{"href":"https:\/\/act4dys.eu\/fr\/wp-json\/wp\/v2\/media?parent=714"}],"wp:term":[{"taxonomy":"category","embeddable":true,"href":"https:\/\/act4dys.eu\/fr\/wp-json\/wp\/v2\/categories?post=714"},{"taxonomy":"post_tag","embeddable":true,"href":"https:\/\/act4dys.eu\/fr\/wp-json\/wp\/v2\/tags?post=714"}],"curies":[{"name":"wp","href":"https:\/\/api.w.org\/{rel}","templated":true}]}}