{"id":697,"date":"2025-08-08T07:08:03","date_gmt":"2025-08-08T05:08:03","guid":{"rendered":"https:\/\/act4dys.eu\/?p=697"},"modified":"2025-08-08T07:08:03","modified_gmt":"2025-08-08T05:08:03","slug":"madrid-inclusive-city","status":"publish","type":"post","link":"https:\/\/act4dys.eu\/fr\/madrid-inclusive-city\/","title":{"rendered":"Madrid, ville inclusive"},"content":{"rendered":"<p>D\u00e9couvrez comment Madrid transforme ses espaces urbains gr\u00e2ce \u00e0 une conception sensible au genre et \u00e0 des am\u00e9liorations en mati\u00e8re d'accessibilit\u00e9, rendant la ville plus s\u00fbre et plus accueillante pour les femmes, les jeunes et les personnes en situation de handicap.<\/p>","protected":false},"excerpt":{"rendered":"<p>Discover how Madrid is transforming its urban spaces with gender-sensitive design and accessibility upgrades, making the city safer and more welcoming for women, young people,&#8230;<\/p>","protected":false},"author":7,"featured_media":638,"comment_status":"closed","ping_status":"closed","sticky":false,"template":"","format":"standard","meta":{"_acf_changed":false,"footnotes":""},"categories":[26],"tags":[],"class_list":["post-697","post","type-post","status-publish","format-standard","has-post-thumbnail","hentry","category-disability-inclusive-urban-development"],"acf":[],"_links":{"self":[{"href":"https:\/\/act4dys.eu\/fr\/wp-json\/wp\/v2\/posts\/697","targetHints":{"allow":["GET"]}}],"collection":[{"href":"https:\/\/act4dys.eu\/fr\/wp-json\/wp\/v2\/posts"}],"about":[{"href":"https:\/\/act4dys.eu\/fr\/wp-json\/wp\/v2\/types\/post"}],"author":[{"embeddable":true,"href":"https:\/\/act4dys.eu\/fr\/wp-json\/wp\/v2\/users\/7"}],"replies":[{"embeddable":true,"href":"https:\/\/act4dys.eu\/fr\/wp-json\/wp\/v2\/comments?post=697"}],"version-history":[{"count":1,"href":"https:\/\/act4dys.eu\/fr\/wp-json\/wp\/v2\/posts\/697\/revisions"}],"predecessor-version":[{"id":699,"href":"https:\/\/act4dys.eu\/fr\/wp-json\/wp\/v2\/posts\/697\/revisions\/699"}],"wp:featuredmedia":[{"embeddable":true,"href":"https:\/\/act4dys.eu\/fr\/wp-json\/wp\/v2\/media\/638"}],"wp:attachment":[{"href":"https:\/\/act4dys.eu\/fr\/wp-json\/wp\/v2\/media?parent=697"}],"wp:term":[{"taxonomy":"category","embeddable":true,"href":"https:\/\/act4dys.eu\/fr\/wp-json\/wp\/v2\/categories?post=697"},{"taxonomy":"post_tag","embeddable":true,"href":"https:\/\/act4dys.eu\/fr\/wp-json\/wp\/v2\/tags?post=697"}],"curies":[{"name":"wp","href":"https:\/\/api.w.org\/{rel}","templated":true}]}}