{"id":690,"date":"2025-08-08T07:05:18","date_gmt":"2025-08-08T05:05:18","guid":{"rendered":"https:\/\/act4dys.eu\/?p=690"},"modified":"2025-08-08T07:05:18","modified_gmt":"2025-08-08T05:05:18","slug":"vienna-accessibility-integrated-into-urban-governance","status":"publish","type":"post","link":"https:\/\/act4dys.eu\/fr\/vienna-accessibility-integrated-into-urban-governance\/","title":{"rendered":"Vienne : l'accessibilit\u00e9 int\u00e9gr\u00e9e dans la gouvernance urbaine"},"content":{"rendered":"<p>D\u00e9couvrez comment Vienne a plac\u00e9 l'accessibilit\u00e9 et l'inclusion au c\u0153ur m\u00eame de son urbanisme, en concevant des stations de m\u00e9tro, des arr\u00eats de bus et de tramway, et m\u00eame des espaces publics et des logements, avec la participation de personnes en situation de handicap. Cette strat\u00e9gie \u00e0 l'\u00e9chelle de la ville a fait de Vienne l'une des capitales les plus accessibles et les plus inclusives au monde, lui valant une reconnaissance internationale.<\/p>","protected":false},"excerpt":{"rendered":"<p>See how Vienna placed accessibility and inclusion at the very heart of its city planning, designing metro, bus and tram stops, and even public spaces&#8230;<\/p>","protected":false},"author":7,"featured_media":638,"comment_status":"closed","ping_status":"closed","sticky":false,"template":"","format":"standard","meta":{"_acf_changed":false,"footnotes":""},"categories":[26],"tags":[],"class_list":["post-690","post","type-post","status-publish","format-standard","has-post-thumbnail","hentry","category-disability-inclusive-urban-development"],"acf":[],"_links":{"self":[{"href":"https:\/\/act4dys.eu\/fr\/wp-json\/wp\/v2\/posts\/690","targetHints":{"allow":["GET"]}}],"collection":[{"href":"https:\/\/act4dys.eu\/fr\/wp-json\/wp\/v2\/posts"}],"about":[{"href":"https:\/\/act4dys.eu\/fr\/wp-json\/wp\/v2\/types\/post"}],"author":[{"embeddable":true,"href":"https:\/\/act4dys.eu\/fr\/wp-json\/wp\/v2\/users\/7"}],"replies":[{"embeddable":true,"href":"https:\/\/act4dys.eu\/fr\/wp-json\/wp\/v2\/comments?post=690"}],"version-history":[{"count":1,"href":"https:\/\/act4dys.eu\/fr\/wp-json\/wp\/v2\/posts\/690\/revisions"}],"predecessor-version":[{"id":692,"href":"https:\/\/act4dys.eu\/fr\/wp-json\/wp\/v2\/posts\/690\/revisions\/692"}],"wp:featuredmedia":[{"embeddable":true,"href":"https:\/\/act4dys.eu\/fr\/wp-json\/wp\/v2\/media\/638"}],"wp:attachment":[{"href":"https:\/\/act4dys.eu\/fr\/wp-json\/wp\/v2\/media?parent=690"}],"wp:term":[{"taxonomy":"category","embeddable":true,"href":"https:\/\/act4dys.eu\/fr\/wp-json\/wp\/v2\/categories?post=690"},{"taxonomy":"post_tag","embeddable":true,"href":"https:\/\/act4dys.eu\/fr\/wp-json\/wp\/v2\/tags?post=690"}],"curies":[{"name":"wp","href":"https:\/\/api.w.org\/{rel}","templated":true}]}}