{"id":682,"date":"2025-08-04T10:40:04","date_gmt":"2025-08-04T08:40:04","guid":{"rendered":"https:\/\/act4dys.eu\/?p=682"},"modified":"2025-08-04T10:40:04","modified_gmt":"2025-08-04T08:40:04","slug":"cordoba-inclusive-tourism-in-a-historic-city","status":"publish","type":"post","link":"https:\/\/act4dys.eu\/fr\/cordoba-inclusive-tourism-in-a-historic-city\/","title":{"rendered":"C\u00f3rdoba \u2013 Tourisme inclusif dans une ville historique"},"content":{"rendered":"<p><span style=\"font-weight: 400\">D\u00e9couvrez comment Cordoue, ville class\u00e9e au patrimoine mondial de l'UNESCO, a su concilier accessibilit\u00e9 et patrimoine en ajoutant des rampes, des chemins tactiles et des outils de navigation num\u00e9riques afin de rendre ses mus\u00e9es, ses parcs et ses festivals accessibles \u00e0 tous les habitants et visiteurs, ce qui lui a valu des distinctions internationales.<\/span><\/p>","protected":false},"excerpt":{"rendered":"<p>Experience how C\u00f3rdoba, a UNESCO World Heritage city, balanced accessibility and heritage by adding ramps, tactile paths and digital navigation tools to make its museums,&#8230;<\/p>","protected":false},"author":7,"featured_media":638,"comment_status":"closed","ping_status":"closed","sticky":false,"template":"","format":"standard","meta":{"_acf_changed":false,"footnotes":""},"categories":[26],"tags":[],"class_list":["post-682","post","type-post","status-publish","format-standard","has-post-thumbnail","hentry","category-disability-inclusive-urban-development"],"acf":[],"_links":{"self":[{"href":"https:\/\/act4dys.eu\/fr\/wp-json\/wp\/v2\/posts\/682","targetHints":{"allow":["GET"]}}],"collection":[{"href":"https:\/\/act4dys.eu\/fr\/wp-json\/wp\/v2\/posts"}],"about":[{"href":"https:\/\/act4dys.eu\/fr\/wp-json\/wp\/v2\/types\/post"}],"author":[{"embeddable":true,"href":"https:\/\/act4dys.eu\/fr\/wp-json\/wp\/v2\/users\/7"}],"replies":[{"embeddable":true,"href":"https:\/\/act4dys.eu\/fr\/wp-json\/wp\/v2\/comments?post=682"}],"version-history":[{"count":1,"href":"https:\/\/act4dys.eu\/fr\/wp-json\/wp\/v2\/posts\/682\/revisions"}],"predecessor-version":[{"id":684,"href":"https:\/\/act4dys.eu\/fr\/wp-json\/wp\/v2\/posts\/682\/revisions\/684"}],"wp:featuredmedia":[{"embeddable":true,"href":"https:\/\/act4dys.eu\/fr\/wp-json\/wp\/v2\/media\/638"}],"wp:attachment":[{"href":"https:\/\/act4dys.eu\/fr\/wp-json\/wp\/v2\/media?parent=682"}],"wp:term":[{"taxonomy":"category","embeddable":true,"href":"https:\/\/act4dys.eu\/fr\/wp-json\/wp\/v2\/categories?post=682"},{"taxonomy":"post_tag","embeddable":true,"href":"https:\/\/act4dys.eu\/fr\/wp-json\/wp\/v2\/tags?post=682"}],"curies":[{"name":"wp","href":"https:\/\/api.w.org\/{rel}","templated":true}]}}