{"id":756,"date":"2025-08-08T07:46:49","date_gmt":"2025-08-08T05:46:49","guid":{"rendered":"https:\/\/act4dys.eu\/?p=756"},"modified":"2025-09-25T09:51:27","modified_gmt":"2025-09-25T07:51:27","slug":"urban-mobility-club","status":"publish","type":"post","link":"https:\/\/act4dys.eu\/es\/urban-mobility-club\/","title":{"rendered":"Club de Movilidad Urbana"},"content":{"rendered":"<p>Descubre la ciudad a trav\u00e9s de diferentes sentidos. En Bucarest, los ciudadanos ciegos colaboran en la creaci\u00f3n de mejores espacios urbanos mediante auditor\u00edas de accesibilidad peatonal, mapas sensoriales y talleres de dise\u00f1o, ense\u00f1ando a los urbanistas c\u00f3mo construir ciudades que realmente incluyan a todos.<\/p>","protected":false},"excerpt":{"rendered":"<p>See the city through different senses. In Bucharest, blind citizens co-create better urban spaces through walk audits, sensory mapping, and design workshops, teaching planners how&#8230;<\/p>","protected":false},"author":7,"featured_media":640,"comment_status":"closed","ping_status":"closed","sticky":false,"template":"","format":"standard","meta":{"_acf_changed":false,"footnotes":""},"categories":[28],"tags":[],"class_list":["post-756","post","type-post","status-publish","format-standard","has-post-thumbnail","hentry","category-accessible-public-and-green-spaces"],"acf":[],"_links":{"self":[{"href":"https:\/\/act4dys.eu\/es\/wp-json\/wp\/v2\/posts\/756","targetHints":{"allow":["GET"]}}],"collection":[{"href":"https:\/\/act4dys.eu\/es\/wp-json\/wp\/v2\/posts"}],"about":[{"href":"https:\/\/act4dys.eu\/es\/wp-json\/wp\/v2\/types\/post"}],"author":[{"embeddable":true,"href":"https:\/\/act4dys.eu\/es\/wp-json\/wp\/v2\/users\/7"}],"replies":[{"embeddable":true,"href":"https:\/\/act4dys.eu\/es\/wp-json\/wp\/v2\/comments?post=756"}],"version-history":[{"count":3,"href":"https:\/\/act4dys.eu\/es\/wp-json\/wp\/v2\/posts\/756\/revisions"}],"predecessor-version":[{"id":1014,"href":"https:\/\/act4dys.eu\/es\/wp-json\/wp\/v2\/posts\/756\/revisions\/1014"}],"wp:featuredmedia":[{"embeddable":true,"href":"https:\/\/act4dys.eu\/es\/wp-json\/wp\/v2\/media\/640"}],"wp:attachment":[{"href":"https:\/\/act4dys.eu\/es\/wp-json\/wp\/v2\/media?parent=756"}],"wp:term":[{"taxonomy":"category","embeddable":true,"href":"https:\/\/act4dys.eu\/es\/wp-json\/wp\/v2\/categories?post=756"},{"taxonomy":"post_tag","embeddable":true,"href":"https:\/\/act4dys.eu\/es\/wp-json\/wp\/v2\/tags?post=756"}],"curies":[{"name":"wp","href":"https:\/\/api.w.org\/{rel}","templated":true}]}}